{"id":879,"date":"2009-05-15T17:03:59","date_gmt":"2009-05-15T15:03:59","guid":{"rendered":"http:\/\/www.daburna.de\/blog\/?p=879"},"modified":"2009-05-15T16:05:41","modified_gmt":"2009-05-15T14:05:41","slug":"europawahl-wer-nicht-waehlt-waehlt-rechts","status":"publish","type":"post","link":"http:\/\/www.daburna.de\/blog\/2009\/05\/15\/europawahl-wer-nicht-waehlt-waehlt-rechts\/","title":{"rendered":"Europawahl: Wer nicht w\u00e4hlt, w\u00e4hlt rechts"},"content":{"rendered":"<p style=\"text-align: justify;\">Am 07. Juni 2009 ist Europawahl. Trotz parteipolitischer Bindung versuch ich hier keine Parteiwerbung zu machen, auch wenn mir die &#8222;Finanzhaie-&#8220; und &#8222;Hei\u00dfe Luft&#8220;-Kampagne der SPD gef\u00e4llt. Der folgende Spot ist allerdings keiner Partei zuzuordnen, ruft aber zum W\u00e4hlen auf.<\/p>\n<p><iframe loading=\"lazy\" width=\"425\" height=\"344\" src=\"http:\/\/www.youtube.com\/embed\/g7DGeLYyODQ?wmode=transparent\" frameborder=\"0\" allowfullscreen> <\/iframe><\/p>\n<p style=\"text-align: justify;\">Genauso wichtig, ist die Kommunalwahl in Mecklenburg-Vorpommern. Keine Stimme der NPD! Wir wollen keine rechtsextremen B\u00fcrgermeister!<\/p>\n<div class=\"twoclick_social_bookmarks_post_879 social_share_privacy clearfix 1.6.4 locale-de_DE sprite-de_DE\"><\/div><div class=\"twoclick-js\"><script type=\"text\/javascript\">\/* <![CDATA[ *\/\njQuery(document).ready(function($){if($('.twoclick_social_bookmarks_post_879')){$('.twoclick_social_bookmarks_post_879').socialSharePrivacy({\"services\":{\"facebook\":{\"status\":\"on\",\"txt_info\":\"2 Klicks f\\u00fcr mehr Datenschutz: Erst wenn Sie hier klicken, wird der Button aktiv und Sie k\\u00f6nnen Ihre Empfehlung an Facebook senden. Schon beim Aktivieren werden Daten an Dritte \\u00fcbertragen - siehe <em>i<\\\/em>.\",\"perma_option\":\"off\",\"action\":\"like\",\"language\":\"de_DE\"},\"twitter\":{\"reply_to\":\"\",\"tweet_text\":\"%20Europawahl%3A%20Wer%20nicht%20w%C3%A4hlt%2C%20w%C3%A4hlt%20rechts%20%23CDU%20%23Europawahl%20%23NPD%20...\",\"status\":\"on\",\"txt_info\":\"2 Klicks f\\u00fcr mehr Datenschutz: Erst wenn Sie hier klicken, wird der Button aktiv und Sie k\\u00f6nnen Ihre Empfehlung an Twitter senden. Schon beim Aktivieren werden Daten an Dritte \\u00fcbertragen - siehe <em>i<\\\/em>.\",\"perma_option\":\"off\",\"language\":\"de\",\"referrer_track\":\"\"},\"flattr\":{\"uid\":\"daburna\",\"status\":\"on\",\"the_title\":\"Europawahl%3A%20Wer%20nicht%20w%C3%A4hlt%2C%20w%C3%A4hlt%20rechts\",\"the_excerpt\":\"Am%2007.%20Juni%202009%20ist%20Europawahl.%20Trotz%20parteipolitischer%20Bindung%20versuch%20ich%20hier%20keine%20Parteiwerbung%20zu%20machen%2C%20auch%20wenn%20mir%20die%20%22Finanzhaie-%22%20und%20%22Hei%C3%9Fe%20Luft%22-Kampagne%20der%20SPD%20gef%C3%A4llt.%20Der%20folgende%20Spot%20ist%20allerdings%20keiner%20Partei%20zuzuordnen%2C%20ruft%20aber%20zum%20W%C3%A4hlen%20auf.%0D%0A%0D%0A%5Byoutube%20g7DGeLYyODQ%5D%0D%0AGenauso%20wichtig%2C%20ist%20die%20Kommunalwahl%20in%20Mecklenburg-Vorpommern.%20Keine%20Stimme%20der%20NPD%21%20Wir%20wollen%20...\",\"txt_info\":\"2 Klicks f\\u00fcr mehr Datenschutz: Erst wenn Sie hier klicken, wird der Button aktiv und Sie k\\u00f6nnen Ihre Empfehlung an Flattr senden. Schon beim Aktivieren werden Daten an Dritte \\u00fcbertragen - siehe <em>i<\\\/em>.\",\"perma_option\":\"off\"}},\"txt_help\":\"Wenn Sie diese Felder durch einen Klick aktivieren, werden Informationen an Facebook, Twitter, Flattr, Xing, t3n, LinkedIn, Pinterest oder Google eventuell ins Ausland \\u00fcbertragen und unter Umst\\u00e4nden auch dort gespeichert. N\\u00e4heres erfahren Sie durch einen Klick auf das <em>i<\\\/em>.\",\"settings_perma\":\"Dauerhaft aktivieren und Daten\\u00fcber-tragung zustimmen:\",\"info_link\":\"http:\\\/\\\/www.heise.de\\\/ct\\\/artikel\\\/2-Klicks-fuer-mehr-Datenschutz-1333879.html\",\"uri\":\"http:\\\/\\\/www.daburna.de\\\/blog\\\/2009\\\/05\\\/15\\\/europawahl-wer-nicht-waehlt-waehlt-rechts\\\/\",\"post_id\":879,\"post_title_referrer_track\":\"Europawahl%3A+Wer+nicht+w%C3%A4hlt%2C+w%C3%A4hlt+rechts\",\"display_infobox\":\"on\"});}});\n\/* ]]> *\/<\/script><\/div>","protected":false},"excerpt":{"rendered":"<p>Am 07. Juni 2009 ist Europawahl. Trotz parteipolitischer Bindung versuch ich hier keine Parteiwerbung zu machen, auch wenn mir die &#8222;Finanzhaie-&#8220; und &#8222;Hei\u00dfe Luft&#8220;-Kampagne der SPD gef\u00e4llt. Der folgende Spot <a href=\"http:\/\/www.daburna.de\/blog\/2009\/05\/15\/europawahl-wer-nicht-waehlt-waehlt-rechts\/\" class=\"more-link\">[&hellip;]<\/a><\/p>\n","protected":false},"author":2,"featured_media":0,"comment_status":"open","ping_status":"open","sticky":false,"template":"","format":"standard","meta":{"ngg_post_thumbnail":0,"Layout":"","_jetpack_memberships_contains_paid_content":false,"footnotes":""},"categories":[9],"tags":[3191,3574,1971,5092,2795,3192],"class_list":["entry","author-daburna","post-879","post","type-post","status-publish","format-standard","category-powi","tag-cdu","tag-europawahl","tag-npd","tag-powi","tag-wahl","tag-wahlkampf"],"aioseo_notices":[],"jetpack_featured_media_url":"","jetpack_shortlink":"https:\/\/wp.me\/p7IAG-eb","jetpack_sharing_enabled":true,"_links":{"self":[{"href":"http:\/\/www.daburna.de\/blog\/wp-json\/wp\/v2\/posts\/879","targetHints":{"allow":["GET"]}}],"collection":[{"href":"http:\/\/www.daburna.de\/blog\/wp-json\/wp\/v2\/posts"}],"about":[{"href":"http:\/\/www.daburna.de\/blog\/wp-json\/wp\/v2\/types\/post"}],"author":[{"embeddable":true,"href":"http:\/\/www.daburna.de\/blog\/wp-json\/wp\/v2\/users\/2"}],"replies":[{"embeddable":true,"href":"http:\/\/www.daburna.de\/blog\/wp-json\/wp\/v2\/comments?post=879"}],"version-history":[{"count":0,"href":"http:\/\/www.daburna.de\/blog\/wp-json\/wp\/v2\/posts\/879\/revisions"}],"wp:attachment":[{"href":"http:\/\/www.daburna.de\/blog\/wp-json\/wp\/v2\/media?parent=879"}],"wp:term":[{"taxonomy":"category","embeddable":true,"href":"http:\/\/www.daburna.de\/blog\/wp-json\/wp\/v2\/categories?post=879"},{"taxonomy":"post_tag","embeddable":true,"href":"http:\/\/www.daburna.de\/blog\/wp-json\/wp\/v2\/tags?post=879"}],"curies":[{"name":"wp","href":"https:\/\/api.w.org\/{rel}","templated":true}]}}