{"id":3881,"date":"2013-06-17T17:06:47","date_gmt":"2013-06-17T15:06:47","guid":{"rendered":"http:\/\/www.daburna.de\/blog\/?p=3881"},"modified":"2013-09-22T15:55:38","modified_gmt":"2013-09-22T13:55:38","slug":"leben-im-system-hartz-iv-tag-33-der-erste-monat-ist-rum","status":"publish","type":"post","link":"http:\/\/www.daburna.de\/blog\/2013\/06\/17\/leben-im-system-hartz-iv-tag-33-der-erste-monat-ist-rum\/","title":{"rendered":"Leben im System Hartz IV: Tag 33 &#8211; Der erste Monat ist rum"},"content":{"rendered":"<figure id=\"attachment_3910\" aria-describedby=\"caption-attachment-3910\" style=\"width: 600px\" class=\"wp-caption aligncenter\"><img loading=\"lazy\" decoding=\"async\" class=\"size-full wp-image-3910\" title=\"Elchkopf\" alt=\"Elchkopf\" src=\"http:\/\/www.daburna.de\/blog\/wp-content\/uploads\/2013\/06\/elch.jpg\" width=\"600\" height=\"349\" srcset=\"http:\/\/www.daburna.de\/blog\/wp-content\/uploads\/2013\/06\/elch.jpg 600w, http:\/\/www.daburna.de\/blog\/wp-content\/uploads\/2013\/06\/elch-300x174.jpg 300w\" sizes=\"auto, (max-width: 600px) 100vw, 600px\" \/><figcaption id=\"caption-attachment-3910\" class=\"wp-caption-text\">Im Ostseebildungszentrum h\u00e4ngt ein Elchkopf an der Wand.<\/figcaption><\/figure>\n<p style=\"text-align: justify;\">Auf meine ersten zwei Artikel habe ich viel Feedback erhalten. Ich habe von Anderen erfahren, denen es \u00e4hnlich erging und mir wurden Tipps zu Informations- und Selbsthilfeforen gegeben. Dankesch\u00f6n! Manch einer fragte nach, wann denn endlich ein neuer Artikel k\u00e4me, jetzt ist es soweit.<\/p>\n<h3>Der Groll ist verschwunden<\/h3>\n<p style=\"text-align: justify;\">Hartz IV ist nicht gleichbedeutend mit Freizeit. Zum einen unterliege ich den Zw\u00e4ngen des Systems und zum anderen arbeite ich flei\u00dfig ehrenamtlich und f\u00fcr meine Nebenverdienste auch am Wochenende. Zeit f\u00fcr einen Strandbesuch oder &#8211; f\u00fcr euch viel spannender &#8211; eine Fortsetzung der angefangenen Artikelreihe war bisher nicht da. Daf\u00fcr ist aber der Anfangs gehegte Groll gegen das System Hartz IV verschwunden.<\/p>\n<p style=\"text-align: justify;\">Zeit ist das Beruhigungsmittel in fast allen Lebenslagen. Heute am 33. Tag im System Hartz IV versp\u00fcre ich keinen gro\u00dfen \u00c4rger mehr. Das liegt auch daran, dass meine erste Ma\u00dfnahme schon stattfand und wider Erwarten gut war. Wieso?<!--more--><\/p>\n<h3 style=\"text-align: justify;\">F\u00fcnf Tage Profiling beim OBZ<\/h3>\n<p style=\"text-align: justify;\">Beim <a title=\"Ostseebildungszentrum\" href=\"http:\/\/www.ostseebildungszentrum.de\/\" target=\"_blank\">Ostseebildungszentrum (OBZ)<\/a>\u00a0hatte man meine bisherige Hartz-IV-Artikelserie verfolgt und mich gleich beim Einreichen meines \u201cAktivierungs- und Vermittlungsgutschein\u201d\u00a0darauf angesprochen. Das kam unerwartet, aber in keinem vorwurfsvollen Ton sondern mit der Frage verbunden, was ich denn in den f\u00fcnf Tagen und nicht, wie es zuerst hie\u00df, zwei Wochen dort machen wolle.<img loading=\"lazy\" decoding=\"async\" alt=\"\" src=\"http:\/\/vg08.met.vgwort.de\/na\/8bb5c04612bf4cffb77f4ac49fcf52d4\" width=\"1\" height=\"1\" \/><\/p>\n<p style=\"text-align: justify;\">Lebenslauf ansehen und \u00fcberarbeiten, Quellen f\u00fcr Stellenangebote finden und Hilfe bei der Formulierung von Bewerbungsanschreiben waren meine Antworten. Zehn Tage sp\u00e4ter begann die Profiling genannte Ma\u00dfnahme. Es handelte sich um eine Eins-zu-eins-Betreuung von 8 bis 15:15 Uhr mit variabler Mittagspause von 30 Minuten.\u00a0Kostenpunkt der Ma\u00dfnahme: 899,00 Euro, die vom Jobcenter bezahlt werden.<\/p>\n<p style=\"text-align: justify;\">Den ersten Tag verbrachten wir mit einem Interview, das pers\u00f6nliche St\u00e4rken und Kompetenzen ermittelte. Anschlie\u00dfend gingen wir noch das Berufsbild des Geographen durch und sammelten relevante Berufsbezeichnungen f\u00fcr das Auffinden von Stellenangeboten. In den Folgetagen suchten wir nach Stellenangeboten und schrieben Bewerbungen. Aufgelockert wurde es immer wieder durch Tests, die Allgemeinwissen, Geographiekenntnisse, Mathe, logisches Denken, Rechtschreibung und so weiter abfragten.<\/p>\n<p style=\"text-align: justify;\">Am Ende wurde mir und dem Jobcenter bescheinigt, dass ich sehr gut vermittelbar sei und in den n\u00e4chsten sechs Monaten einen Job finden w\u00fcrde. Das ist jetzt nat\u00fcrlich sehr komprimiert zusammengefasst, beschreibt den Kern der f\u00fcnf Tage aber sehr gut. Meine anf\u00e4ngliche Bef\u00fcrchtung, dass mir diese Ma\u00dfnahme nichts bringen w\u00fcrde, wurde schnell ausger\u00e4umt.<\/p>\n<h3>Erneut beim Jobcenter<\/h3>\n<p style=\"text-align: justify;\">Es war der 28. Tag im System Hartz IV. Morgens um 8 Uhr hatte ich einen Termin zur Abgabe meines Leistungsantrags. Tags zuvor hatte ich gef\u00fchlte 100 Seiten Kontoausz\u00fcge der letzten Monate und weitere Unterlagen ausgedruckt. Beim Termin sah sich die Mitarbeiterin des Jobcenters den Antrag auf Vollst\u00e4ndigkeit durch, checkte die Kontoausz\u00fcge und gab sie mir ohne Beanstandung oder Nachfragen zur\u00fcck.<\/p>\n<p style=\"text-align: justify;\">Am Nebentisch, der durch eine schulterhohe Trennwand von uns separiert war, sprach eine ehemalige Studentin vor. Jedes Wort war zu h\u00f6ren. Sie hatte gerade ihr Studium abgebrochen und in acht Wochen in Hamburg eine Ausbildungsstelle. Zur \u00dcberbr\u00fcckung wollte sie Hartz IV beziehen. Sofort wurde sie der <a title=\"ABS\" href=\"http:\/\/www.abs-greifswald.de\/\" target=\"_blank\">ABS<\/a> zugeteilt und sollte sich dort f\u00fcr einen Ein-Euro-Job melden. Sie fragte leicht verzweifelt nach, wie sie das denn mit der Wohnungssuche in Hamburg und ABS hinbekommen solle. Die genaue Antwort ist mir nicht im Ged\u00e4chtnis geblieben, war aber nicht befriedigend.<\/p>\n<h3>Stand der Bewerbungen<\/h3>\n<p style=\"text-align: justify;\">Inzwischen habe ich zw\u00f6lf Bewerbungen in die verschiedenen Winkel der Republik geschickt, zwei Absagen kassiert (zum Gl\u00fcck war darunter auch der neueinhalb Wochen Job) und ein Initiativbewerbungsgespr\u00e4ch gef\u00fchrt, das durch Kontakte des OBZ zustande kam. Sehr positiv fiel mir auf, dass fast jedes Unternehmen oder \u00f6ffentliche Verwaltung den Erhalt der Bewerbung best\u00e4tigt. Dagegen machte sich das ungen\u00fcgende\u00a0Stellenangebote in Mecklenburg-Vorpommern sehr negativ bemerkbar.<\/p>\n<p style=\"text-align: justify;\">Selbst wenn der Wille vorhanden ist, hier zu bleiben, macht es die Situation vor Ort kaum m\u00f6glich. Zwar wird st\u00e4ndig \u00fcber den Mangel an Fachkr\u00e4ften gen\u00f6rgelt und deswegen begonnen, Personal aus dem In- und Ausland anzuwerben, doch Stellen f\u00fcr Akademiker scheinen in Mecklenburg-Vorpommern sehr rar ges\u00e4ht zu sein. Dabei geht es\u00a0<a title=\"Chancenlos im Job: Junge Leute machen sich davon\" href=\"http:\/\/www.nordkurier.de\/cmlink\/nordkurier\/lokales\/greifswald\/chancenlos-im-job-junge-leute-machen-sich-davon-1.575905\" target=\"_blank\">Jugendlichen kaum anders<\/a>, hie\u00df es letztens im Nordkurier.<\/p>\n<h3 style=\"text-align: justify;\">Klarstellung am Ende<\/h3>\n<p style=\"text-align: justify;\">Bevor in dieser Reihe ein falsches Bild entsteht, m\u00f6chte ich etwas klarstellen. Mir kommt es nicht drauf an, dass gerade fertig gewordene Akademiker vom Jobcenter drangsaliert werden und \u00fcber die gro\u00dfe Ungerechtigkeit Tr\u00e4nen versch\u00fctten. Das System Hartz IV ist genauso entw\u00fcrdigend f\u00fcr \u00a0den gesamten &#8222;Kundenkreis&#8220; des Jobcenters, egal ob Schulabg\u00e4ngerinnen, Ausgebildete oder Langzeiterwerbslose.<\/p>\n<p style=\"text-align: justify;\">&#8212;<\/p>\n<p style=\"text-align: justify;\">Mehr aus dem Leben im System Hartz IV lesen:<\/p>\n<ul>\n<li><a title=\"Leben im System Hartz IV: Tag 1 \u2013 Es beginnt\" href=\"http:\/\/www.daburna.de\/blog\/2013\/05\/18\/leben-im-system-hartz-iv-tag-1-es-beginnt\/\">Tag 1 &#8211; Es beginnt<\/a><\/li>\n<li><a title=\"Leben im System Hartz IV: Tag 3 \u2013 Bewerbungen\" href=\"http:\/\/www.daburna.de\/blog\/2013\/05\/19\/leben-im-system-hartz-iv-tag-3-bewerbungen\/\">Tag 3 &#8211; Bewerbungen<\/a><\/li>\n<li>Tag 33 &#8211; Der erste Monat ist rum\u00a0(hast du gerade gelesen)<\/li>\n<li><a title=\"Leben im System Hartz IV: Tag 60 \u2013 der Ablehnungsbescheid\" href=\"http:\/\/www.daburna.de\/blog\/2013\/07\/14\/leben-im-system-hartz-iv-tag-60-der-ablehnungsbescheid\/\">Tag 60 &#8211;\u00a0der Ablehnungsbescheid<\/a><\/li>\n<li><a title=\"Leben im System Hartz IV: Tag 61 \u2013 eine falsche Hoffnung\" href=\"http:\/\/www.daburna.de\/blog\/2013\/07\/15\/leben-im-system-hartz-iv-tag-61-eine-falsche-hoffnung\/\">Tag 61 &#8211; eine falsche Hoffnung<\/a><\/li>\n<li><a title=\"Leben im System Hartz IV: Tag 62 \u2013 Aufkl\u00e4rung\" href=\"http:\/\/www.daburna.de\/blog\/2013\/07\/17\/leben-im-system-hartz-iv-tag-62-aufklaerung\/\">Tag 62 &#8211; Aufkl\u00e4rung<\/a><\/li>\n<li><a title=\"Leben im System Hartz IV: Tag 108 \u2013 Es ist vorbei\" href=\"http:\/\/www.daburna.de\/blog\/2013\/09\/22\/leben-im-system-hartz-iv-tag-108-es-ist-vorbei\/\">Tag 108 \u2013 Es ist vorbei\u00a0<\/a><\/li>\n<\/ul>\n<div class=\"twoclick_social_bookmarks_post_3881 social_share_privacy clearfix 1.6.4 locale-de_DE sprite-de_DE\"><\/div><div class=\"twoclick-js\"><script type=\"text\/javascript\">\/* <![CDATA[ *\/\njQuery(document).ready(function($){if($('.twoclick_social_bookmarks_post_3881')){$('.twoclick_social_bookmarks_post_3881').socialSharePrivacy({\"services\":{\"facebook\":{\"status\":\"on\",\"txt_info\":\"2 Klicks f\\u00fcr mehr Datenschutz: Erst wenn Sie hier klicken, wird der Button aktiv und Sie k\\u00f6nnen Ihre Empfehlung an Facebook senden. Schon beim Aktivieren werden Daten an Dritte \\u00fcbertragen - siehe <em>i<\\\/em>.\",\"perma_option\":\"off\",\"action\":\"like\",\"language\":\"de_DE\"},\"twitter\":{\"reply_to\":\"\",\"tweet_text\":\"%20Leben%20im%20System%20Hartz%20IV%3A%20Tag%2033%20%E2%80%93%20Der%20erste%20Monat%20ist%20rum%20%23ABS%20...\",\"status\":\"on\",\"txt_info\":\"2 Klicks f\\u00fcr mehr Datenschutz: Erst wenn Sie hier klicken, wird der Button aktiv und Sie k\\u00f6nnen Ihre Empfehlung an Twitter senden. Schon beim Aktivieren werden Daten an Dritte \\u00fcbertragen - siehe <em>i<\\\/em>.\",\"perma_option\":\"off\",\"language\":\"de\",\"referrer_track\":\"\"},\"flattr\":{\"uid\":\"daburna\",\"status\":\"on\",\"the_title\":\"Leben%20im%20System%20Hartz%20IV%3A%20Tag%2033%20%26%238211%3B%20Der%20erste%20Monat%20ist%20rum\",\"the_excerpt\":\"Auf%20meine%20ersten%20zwei%20Artikel%20habe%20ich%20viel%20Feedback%20erhalten.%20Ich%20habe%20von%20Anderen%20erfahren%2C%20denen%20es%20%C3%A4hnlich%20erging%20und%20mir%20wurden%20Tipps%20zu%20Informations-%20und%20Selbsthilfeforen%20gegeben.%20Dankesch%C3%B6n%21%20Manch%20einer%20fragte%20nach%2C%20wann%20denn%20endlich%20ein%20neuer%20Artikel%20k%C3%A4me%2C%20jetzt%20ist%20es%20soweit.%0D%0A%0D%0ADer%20Groll%20ist%20verschwunden%0D%0AHartz%20IV%20ist%20nicht%20gleichbedeutend%20mit%20Freizeit.%20Zum%20einen%20unterliege%20ich%20den%20Z%20...\",\"txt_info\":\"2 Klicks f\\u00fcr mehr Datenschutz: Erst wenn Sie hier klicken, wird der Button aktiv und Sie k\\u00f6nnen Ihre Empfehlung an Flattr senden. Schon beim Aktivieren werden Daten an Dritte \\u00fcbertragen - siehe <em>i<\\\/em>.\",\"perma_option\":\"off\"}},\"txt_help\":\"Wenn Sie diese Felder durch einen Klick aktivieren, werden Informationen an Facebook, Twitter, Flattr, Xing, t3n, LinkedIn, Pinterest oder Google eventuell ins Ausland \\u00fcbertragen und unter Umst\\u00e4nden auch dort gespeichert. N\\u00e4heres erfahren Sie durch einen Klick auf das <em>i<\\\/em>.\",\"settings_perma\":\"Dauerhaft aktivieren und Daten\\u00fcber-tragung zustimmen:\",\"info_link\":\"http:\\\/\\\/www.heise.de\\\/ct\\\/artikel\\\/2-Klicks-fuer-mehr-Datenschutz-1333879.html\",\"uri\":\"http:\\\/\\\/www.daburna.de\\\/blog\\\/2013\\\/06\\\/17\\\/leben-im-system-hartz-iv-tag-33-der-erste-monat-ist-rum\\\/\",\"post_id\":3881,\"post_title_referrer_track\":\"Leben+im+System+Hartz+IV%3A+Tag+33+%26%238211%3B+Der+erste+Monat+ist+rum\",\"display_infobox\":\"on\"});}});\n\/* ]]> *\/<\/script><\/div>","protected":false},"excerpt":{"rendered":"<p>Auf meine ersten zwei Artikel habe ich viel Feedback erhalten. Ich habe von Anderen erfahren, denen es \u00e4hnlich erging und mir wurden Tipps zu Informations- und Selbsthilfeforen gegeben. Dankesch\u00f6n! Manch einer fragte nach, wann denn endlich ein neuer Artikel k\u00e4me, jetzt ist es soweit.<\/p>\n","protected":false},"author":2,"featured_media":3910,"comment_status":"open","ping_status":"open","sticky":false,"template":"","format":"standard","meta":{"ngg_post_thumbnail":0,"Layout":"","_jetpack_memberships_contains_paid_content":false,"footnotes":""},"categories":[11],"tags":[5067,5057,5093,3996,4601,5056,3239],"class_list":["entry","author-daburna","has-excerpt","has-more-link","post-3881","post","type-post","status-publish","format-standard","has-post-thumbnail","category-privates","tag-abs","tag-agentur-fuer-arbeit","tag-privates","tag-hartz-iv","tag-job","tag-jobcenter","tag-studium"],"aioseo_notices":[],"jetpack_featured_media_url":"http:\/\/www.daburna.de\/blog\/wp-content\/uploads\/2013\/06\/elch.jpg","jetpack_shortlink":"https:\/\/wp.me\/p7IAG-10B","jetpack_sharing_enabled":true,"_links":{"self":[{"href":"http:\/\/www.daburna.de\/blog\/wp-json\/wp\/v2\/posts\/3881","targetHints":{"allow":["GET"]}}],"collection":[{"href":"http:\/\/www.daburna.de\/blog\/wp-json\/wp\/v2\/posts"}],"about":[{"href":"http:\/\/www.daburna.de\/blog\/wp-json\/wp\/v2\/types\/post"}],"author":[{"embeddable":true,"href":"http:\/\/www.daburna.de\/blog\/wp-json\/wp\/v2\/users\/2"}],"replies":[{"embeddable":true,"href":"http:\/\/www.daburna.de\/blog\/wp-json\/wp\/v2\/comments?post=3881"}],"version-history":[{"count":0,"href":"http:\/\/www.daburna.de\/blog\/wp-json\/wp\/v2\/posts\/3881\/revisions"}],"wp:featuredmedia":[{"embeddable":true,"href":"http:\/\/www.daburna.de\/blog\/wp-json\/wp\/v2\/media\/3910"}],"wp:attachment":[{"href":"http:\/\/www.daburna.de\/blog\/wp-json\/wp\/v2\/media?parent=3881"}],"wp:term":[{"taxonomy":"category","embeddable":true,"href":"http:\/\/www.daburna.de\/blog\/wp-json\/wp\/v2\/categories?post=3881"},{"taxonomy":"post_tag","embeddable":true,"href":"http:\/\/www.daburna.de\/blog\/wp-json\/wp\/v2\/tags?post=3881"}],"curies":[{"name":"wp","href":"https:\/\/api.w.org\/{rel}","templated":true}]}}