{"id":1807,"date":"2010-06-15T17:34:35","date_gmt":"2010-06-15T15:34:35","guid":{"rendered":"http:\/\/www.daburna.de\/blog\/?p=1807"},"modified":"2011-03-20T10:46:17","modified_gmt":"2011-03-20T09:46:17","slug":"eyjafjallajoekull-kommt-zur-ruhe","status":"publish","type":"post","link":"http:\/\/www.daburna.de\/blog\/2010\/06\/15\/eyjafjallajoekull-kommt-zur-ruhe\/","title":{"rendered":"Eyjafjallaj\u00f6kull kommt zur Ruhe"},"content":{"rendered":"<p style=\"text-align: justify;\">Was hat uns der Vulkan <a title=\"Eyjafjallaj\u00f6kull\" href=\"http:\/\/www.daburna.de\/blog\/tag\/eyjafjallajoekull\/\" target=\"_self\">Eyjafjallaj\u00f6kull<\/a> auf Island seit seinem Ausbruch im M\u00e4rz 2010 nicht besch\u00e4ftigt. Die <a title=\"Vulkan legt Flugverkehr lahm\" href=\"http:\/\/www.daburna.de\/blog\/2010\/04\/15\/islaendischer-vulkan-legt-flugverkehr-lahm\/\" target=\"_self\">Flugzeuge in Europa mussten tagelang am Boden<\/a> bleiben, weil Gefahr bestand, durch die Vulkanasche besch\u00e4digt zu werden. Immer wieder gab es <a title=\"Bilder vom Ausbruch\" href=\"http:\/\/www.daburna.de\/blog\/2010\/04\/07\/vulkan-auf-island-spektakulaere-live-bilder\/\" target=\"_self\">neue Bilder<\/a> der brodelnden Glut aus dem hohen Norden zu sehen. Nun zeigt sich der Vulkan aber zahm oder ist es die Ruhe vor einem neuen Sturm?<\/p>\n<figure id=\"attachment_1808\" aria-describedby=\"caption-attachment-1808\" style=\"width: 540px\" class=\"wp-caption aligncenter\"><img loading=\"lazy\" decoding=\"async\" class=\"size-full wp-image-1808 \" title=\"Kratersee\" src=\"http:\/\/www.daburna.de\/blog\/wp-content\/uploads\/2010\/06\/craterlake.jpg\" alt=\"Kratersee\" width=\"540\" height=\"359\" srcset=\"http:\/\/www.daburna.de\/blog\/wp-content\/uploads\/2010\/06\/craterlake.jpg 540w, http:\/\/www.daburna.de\/blog\/wp-content\/uploads\/2010\/06\/craterlake-300x199.jpg 300w\" sizes=\"auto, (max-width: 540px) 100vw, 540px\" \/><figcaption id=\"caption-attachment-1808\" class=\"wp-caption-text\">Krater von Eyjafjallaj\u00f6kull, Freitag abend 11. Juni 2010, Blick nach Norden. Das Wasser ist sichtbar unruhig, entweder durch Wasserzufluss oder W\u00e4rmestr\u00f6mung oder beidem. Foto: Sveinn Brynj\u00f3lfsson.<\/figcaption><\/figure>\n<p style=\"text-align: justify;\">Am Grund des Kraters hat sich, seit dem 11. Juni sichtbar, <a title=\"Crater lake at Eyjafjallaj\u00f6kull\" href=\"http:\/\/scienceblogs.com\/eruptions\/2010\/06\/crater_lake_at_eyjafjallajokul.php\" target=\"_blank\">ein ca. 300m breiter See gebildet<\/a>. Das Icelandic Meteorological Office und das Institute of Earth Sciences erkl\u00e4rten, die Dampfentwicklung beruhe nicht auf Kontakt mit Magma, sondern nur weil die Steine am Kraterrand noch so hei\u00df seien. Die Dampfwolke reicht bis in 1000m H\u00f6he.<\/p>\n<p style=\"text-align: justify;\">Aktuell am gef\u00e4hrlichsten ist die Asche, die weite Areale bedeckt. Starke Regenf\u00e4lle k\u00f6nnen zu sogenannten Lahars f\u00fchren. \u00c2\u00a0Die sind Schlammstr\u00f6me, die je nach Hangneigung und Dichte des Schlammgemischs Geschwindigkeiten von 100km\/h erreichen k\u00f6nnen, in seltenen F\u00e4llen sind auch schon 180km\/h gemessen worden.<\/p>\n<p style=\"text-align: justify;\">Foto: Sveinn Brynj\u00f3lfsson, keine CC-Lizenz!<\/p>\n<div class=\"twoclick_social_bookmarks_post_1807 social_share_privacy clearfix 1.6.4 locale-de_DE sprite-de_DE\"><\/div><div class=\"twoclick-js\"><script type=\"text\/javascript\">\/* <![CDATA[ *\/\njQuery(document).ready(function($){if($('.twoclick_social_bookmarks_post_1807')){$('.twoclick_social_bookmarks_post_1807').socialSharePrivacy({\"services\":{\"facebook\":{\"status\":\"on\",\"txt_info\":\"2 Klicks f\\u00fcr mehr Datenschutz: Erst wenn Sie hier klicken, wird der Button aktiv und Sie k\\u00f6nnen Ihre Empfehlung an Facebook senden. Schon beim Aktivieren werden Daten an Dritte \\u00fcbertragen - siehe <em>i<\\\/em>.\",\"perma_option\":\"off\",\"action\":\"like\",\"language\":\"de_DE\"},\"twitter\":{\"reply_to\":\"\",\"tweet_text\":\"%20Eyjafjallaj%C3%B6kull%20kommt%20zur%20Ruhe%20%23Eyjafjallaj%C3%B6kull%20%23Geologie%20%23Island%20%23Lahar%20...\",\"status\":\"on\",\"txt_info\":\"2 Klicks f\\u00fcr mehr Datenschutz: Erst wenn Sie hier klicken, wird der Button aktiv und Sie k\\u00f6nnen Ihre Empfehlung an Twitter senden. Schon beim Aktivieren werden Daten an Dritte \\u00fcbertragen - siehe <em>i<\\\/em>.\",\"perma_option\":\"off\",\"language\":\"de\",\"referrer_track\":\"\"},\"flattr\":{\"uid\":\"daburna\",\"status\":\"on\",\"the_title\":\"Eyjafjallaj%C3%B6kull%20kommt%20zur%20Ruhe\",\"the_excerpt\":\"Was%20hat%20uns%20der%20Vulkan%20Eyjafjallaj%C3%B6kull%20auf%20Island%20seit%20seinem%20Ausbruch%20im%20M%C3%A4rz%202010%20nicht%20besch%C3%A4ftigt.%20Die%20Flugzeuge%20in%20Europa%20mussten%20tagelang%20am%20Boden%20bleiben%2C%20weil%20Gefahr%20bestand%2C%20durch%20die%20Vulkanasche%20besch%C3%A4digt%20zu%20werden.%20Immer%20wieder%20gab%20es%20neue%20Bilder%20der%20brodelnden%20Glut%20aus%20dem%20hohen%20Norden%20zu%20sehen.%20Nun%20zeigt%20sich%20der%20Vulkan%20aber%20zahm%20oder%20ist%20es%20die%20Ruhe%20vor%20einem%20neuen%20Sturm%3F%0D%0A%0D%0A%0D%0A%20...\",\"txt_info\":\"2 Klicks f\\u00fcr mehr Datenschutz: Erst wenn Sie hier klicken, wird der Button aktiv und Sie k\\u00f6nnen Ihre Empfehlung an Flattr senden. Schon beim Aktivieren werden Daten an Dritte \\u00fcbertragen - siehe <em>i<\\\/em>.\",\"perma_option\":\"off\"}},\"txt_help\":\"Wenn Sie diese Felder durch einen Klick aktivieren, werden Informationen an Facebook, Twitter, Flattr, Xing, t3n, LinkedIn, Pinterest oder Google eventuell ins Ausland \\u00fcbertragen und unter Umst\\u00e4nden auch dort gespeichert. N\\u00e4heres erfahren Sie durch einen Klick auf das <em>i<\\\/em>.\",\"settings_perma\":\"Dauerhaft aktivieren und Daten\\u00fcber-tragung zustimmen:\",\"info_link\":\"http:\\\/\\\/www.heise.de\\\/ct\\\/artikel\\\/2-Klicks-fuer-mehr-Datenschutz-1333879.html\",\"uri\":\"http:\\\/\\\/www.daburna.de\\\/blog\\\/2010\\\/06\\\/15\\\/eyjafjallajoekull-kommt-zur-ruhe\\\/\",\"post_id\":1807,\"post_title_referrer_track\":\"Eyjafjallaj%C3%B6kull+kommt+zur+Ruhe\",\"display_infobox\":\"on\"});}});\n\/* ]]> *\/<\/script><\/div>","protected":false},"excerpt":{"rendered":"<p>Was hat uns der Vulkan Eyjafjallaj\u00f6kull auf Island seit seinem Ausbruch im M\u00e4rz 2010 nicht besch\u00e4ftigt. Die Flugzeuge in Europa mussten tagelang am Boden bleiben, weil Gefahr bestand, durch die <a href=\"http:\/\/www.daburna.de\/blog\/2010\/06\/15\/eyjafjallajoekull-kommt-zur-ruhe\/\" class=\"more-link\">[&hellip;]<\/a><\/p>\n","protected":false},"author":2,"featured_media":0,"comment_status":"open","ping_status":"open","sticky":false,"template":"","format":"standard","meta":{"ngg_post_thumbnail":0,"Layout":"","_jetpack_memberships_contains_paid_content":false,"footnotes":""},"categories":[1316],"tags":[4055,4029,4038,4119,3566,4037],"class_list":["entry","author-daburna","post-1807","post","type-post","status-publish","format-standard","category-geo","tag-eyjafjallajoekull","tag-geologie","tag-island","tag-lahar","tag-naturrisiken","tag-vulkan"],"aioseo_notices":[],"jetpack_featured_media_url":"","jetpack_shortlink":"https:\/\/wp.me\/p7IAG-t9","jetpack_sharing_enabled":true,"_links":{"self":[{"href":"http:\/\/www.daburna.de\/blog\/wp-json\/wp\/v2\/posts\/1807","targetHints":{"allow":["GET"]}}],"collection":[{"href":"http:\/\/www.daburna.de\/blog\/wp-json\/wp\/v2\/posts"}],"about":[{"href":"http:\/\/www.daburna.de\/blog\/wp-json\/wp\/v2\/types\/post"}],"author":[{"embeddable":true,"href":"http:\/\/www.daburna.de\/blog\/wp-json\/wp\/v2\/users\/2"}],"replies":[{"embeddable":true,"href":"http:\/\/www.daburna.de\/blog\/wp-json\/wp\/v2\/comments?post=1807"}],"version-history":[{"count":0,"href":"http:\/\/www.daburna.de\/blog\/wp-json\/wp\/v2\/posts\/1807\/revisions"}],"wp:attachment":[{"href":"http:\/\/www.daburna.de\/blog\/wp-json\/wp\/v2\/media?parent=1807"}],"wp:term":[{"taxonomy":"category","embeddable":true,"href":"http:\/\/www.daburna.de\/blog\/wp-json\/wp\/v2\/categories?post=1807"},{"taxonomy":"post_tag","embeddable":true,"href":"http:\/\/www.daburna.de\/blog\/wp-json\/wp\/v2\/tags?post=1807"}],"curies":[{"name":"wp","href":"https:\/\/api.w.org\/{rel}","templated":true}]}}